{"id":1210,"date":"2024-12-04T21:52:25","date_gmt":"2024-12-05T00:52:25","guid":{"rendered":"https:\/\/perceptiva.tech\/tecnologia-y-sostenibilidad-los-desafios-de-2025\/"},"modified":"2024-12-10T21:19:23","modified_gmt":"2024-12-10T21:19:23","slug":"tecnologia-y-sostenibilidad-los-desafios-de-2025","status":"publish","type":"post","link":"https:\/\/perceptiva.tech\/es\/tecnologia-y-sostenibilidad-los-desafios-de-2025\/","title":{"rendered":"Tecnolog\u00eda y Sostenibilidad: Los Desaf\u00edos de 2025"},"content":{"rendered":"<p>El PIB mundial deber\u00e1 crecer un 2,5%, con inversiones en TI alcanzando los US$3,6 billones, impulsadas por la IA. Alrededor del 30% de las grandes empresas norteamericanas invertir\u00e1n US$10 millones o m\u00e1s en IA, lo que representa un aumento con respecto al 16% en 2024.<\/p>\n<p>Los datos provienen de la edici\u00f3n especial <a href=\"https:\/\/www.economist.com\/topics\/the-world-ahead-2025\" target=\"_blank\" rel=\"noopener\">The World Ahead 2025<\/a> de The Economist, que presenta un panorama optimista para la econom\u00eda global. La energ\u00eda renovable gana protagonismo, con la combinaci\u00f3n de energ\u00eda solar y almacenamiento de bater\u00edas volvi\u00e9ndose m\u00e1s barata que las fuentes f\u00f3siles en las grandes econom\u00edas.<\/p>\n<p>Otros datos destacados de la revista:<\/p>\n<ul>\n<li><strong>Sector Automotriz:<\/strong> las ventas de autom\u00f3viles el\u00e9ctricos aumentar\u00e1n un 25%, pero la preferencia por los h\u00edbridos persiste.<\/li>\n<li><strong>Servicios Financieros:<\/strong> Crecimiento de los pr\u00e9stamos bancarios, ca\u00edda de los tipos de inter\u00e9s e inversiones en startups.<\/li>\n<li><strong>Telecomunicaciones:<\/strong> expansi\u00f3n de las redes 5G y aumento de las suscripciones en un 25%.<\/li>\n<li><strong>Salud:<\/strong> el envejecimiento de la poblaci\u00f3n afecta el gasto en salud, concentrado principalmente en los Estados Unidos.<\/li>\n<li><strong>Mercado Inmobiliario:<\/strong> preocupaci\u00f3n por los US$2,1 billones en pr\u00e9stamos hipotecarios que llegar\u00e1n a su vencimiento.<\/li>\n<\/ul>\n<p>En general, el sector tecnol\u00f3gico (con foco en IA) continuar\u00e1 siendo un motor de la econom\u00eda, manteniendo la sostenibilidad como una prioridad global. 2025 ser\u00e1, por lo tanto, un a\u00f1o de transici\u00f3n y adaptaci\u00f3n para las empresas, con la necesidad de invertir en digitalizaci\u00f3n, tecnolog\u00edas limpias y resiliencia frente a un escenario geopol\u00edtico desafiante.<\/p>\n","protected":false},"excerpt":{"rendered":"<p>El PIB mundial deber\u00e1 crecer un 2,5%, con inversiones en TI alcanzando los US$3,6 billones, impulsadas por la IA. Alrededor del 30% de las grandes empresas norteamericanas invertir\u00e1n US$10 millones  [&#8230;]<\/p>\n","protected":false},"author":2,"featured_media":1302,"comment_status":"open","ping_status":"open","sticky":false,"template":"","format":"standard","meta":{"footnotes":""},"categories":[42],"tags":[44,43],"class_list":["post-1210","post","type-post","status-publish","format-standard","has-post-thumbnail","hentry","category-economia-es","tag-sostenibilidad","tag-tecnologia-es"],"yoast_head":"<!-- This site is optimized with the Yoast SEO plugin v27.4 - https:\/\/yoast.com\/product\/yoast-seo-wordpress\/ -->\n<title>Tecnolog\u00eda y Sostenibilidad: Los Desaf\u00edos de 2025 - PERCEPTIVA Tech<\/title>\n<meta name=\"robots\" content=\"index, follow, max-snippet:-1, max-image-preview:large, max-video-preview:-1\" \/>\n<link rel=\"canonical\" href=\"https:\/\/perceptiva.tech\/es\/tecnologia-y-sostenibilidad-los-desafios-de-2025\/\" \/>\n<meta property=\"og:locale\" content=\"es_ES\" \/>\n<meta property=\"og:type\" content=\"article\" \/>\n<meta property=\"og:title\" content=\"Tecnolog\u00eda y Sostenibilidad: Los Desaf\u00edos de 2025 - PERCEPTIVA Tech\" \/>\n<meta property=\"og:description\" content=\"El PIB mundial deber\u00e1 crecer un 2,5%, con inversiones en TI alcanzando los US$3,6 billones, impulsadas por la IA. Alrededor del 30% de las grandes empresas norteamericanas invertir\u00e1n US$10 millones [...]\" \/>\n<meta property=\"og:url\" content=\"https:\/\/perceptiva.tech\/es\/tecnologia-y-sostenibilidad-los-desafios-de-2025\/\" \/>\n<meta property=\"og:site_name\" content=\"PERCEPTIVA Tech\" \/>\n<meta property=\"article:published_time\" content=\"2024-12-05T00:52:25+00:00\" \/>\n<meta property=\"article:modified_time\" content=\"2024-12-10T21:19:23+00:00\" \/>\n<meta property=\"og:image\" content=\"https:\/\/perceptiva.tech\/wp-content\/uploads\/2024\/12\/worldahead2025.jpg\" \/>\n\t<meta property=\"og:image:width\" content=\"1200\" \/>\n\t<meta property=\"og:image:height\" content=\"620\" \/>\n\t<meta property=\"og:image:type\" content=\"image\/jpeg\" \/>\n<meta name=\"author\" content=\"Fabio Palenzuela\" \/>\n<meta name=\"twitter:card\" content=\"summary_large_image\" \/>\n<meta name=\"twitter:label1\" content=\"Escrito por\" \/>\n\t<meta name=\"twitter:data1\" content=\"Fabio Palenzuela\" \/>\n\t<meta name=\"twitter:label2\" content=\"Tiempo de lectura\" \/>\n\t<meta name=\"twitter:data2\" content=\"2 minutos\" \/>\n<script type=\"application\/ld+json\" class=\"yoast-schema-graph\">{\"@context\":\"https:\\\/\\\/schema.org\",\"@graph\":[{\"@type\":\"Article\",\"@id\":\"https:\\\/\\\/perceptiva.tech\\\/es\\\/tecnologia-y-sostenibilidad-los-desafios-de-2025\\\/#article\",\"isPartOf\":{\"@id\":\"https:\\\/\\\/perceptiva.tech\\\/es\\\/tecnologia-y-sostenibilidad-los-desafios-de-2025\\\/\"},\"author\":{\"name\":\"Fabio Palenzuela\",\"@id\":\"https:\\\/\\\/perceptiva.training\\\/#\\\/schema\\\/person\\\/415c4e969d261f31d489b5aaa092d9a4\"},\"headline\":\"Tecnolog\u00eda y Sostenibilidad: Los Desaf\u00edos de 2025\",\"datePublished\":\"2024-12-05T00:52:25+00:00\",\"dateModified\":\"2024-12-10T21:19:23+00:00\",\"mainEntityOfPage\":{\"@id\":\"https:\\\/\\\/perceptiva.tech\\\/es\\\/tecnologia-y-sostenibilidad-los-desafios-de-2025\\\/\"},\"wordCount\":266,\"commentCount\":0,\"image\":{\"@id\":\"https:\\\/\\\/perceptiva.tech\\\/es\\\/tecnologia-y-sostenibilidad-los-desafios-de-2025\\\/#primaryimage\"},\"thumbnailUrl\":\"https:\\\/\\\/perceptiva.tech\\\/wp-content\\\/uploads\\\/2024\\\/12\\\/worldahead2025.jpg\",\"keywords\":[\"Sostenibilidad\",\"Tecnolog\u00eda\"],\"articleSection\":[\"Econom\u00eda\"],\"inLanguage\":\"es\",\"potentialAction\":[{\"@type\":\"CommentAction\",\"name\":\"Comment\",\"target\":[\"https:\\\/\\\/perceptiva.tech\\\/es\\\/tecnologia-y-sostenibilidad-los-desafios-de-2025\\\/#respond\"]}]},{\"@type\":\"WebPage\",\"@id\":\"https:\\\/\\\/perceptiva.tech\\\/es\\\/tecnologia-y-sostenibilidad-los-desafios-de-2025\\\/\",\"url\":\"https:\\\/\\\/perceptiva.tech\\\/es\\\/tecnologia-y-sostenibilidad-los-desafios-de-2025\\\/\",\"name\":\"Tecnolog\u00eda y Sostenibilidad: Los Desaf\u00edos de 2025 - PERCEPTIVA Tech\",\"isPartOf\":{\"@id\":\"https:\\\/\\\/perceptiva.training\\\/#website\"},\"primaryImageOfPage\":{\"@id\":\"https:\\\/\\\/perceptiva.tech\\\/es\\\/tecnologia-y-sostenibilidad-los-desafios-de-2025\\\/#primaryimage\"},\"image\":{\"@id\":\"https:\\\/\\\/perceptiva.tech\\\/es\\\/tecnologia-y-sostenibilidad-los-desafios-de-2025\\\/#primaryimage\"},\"thumbnailUrl\":\"https:\\\/\\\/perceptiva.tech\\\/wp-content\\\/uploads\\\/2024\\\/12\\\/worldahead2025.jpg\",\"datePublished\":\"2024-12-05T00:52:25+00:00\",\"dateModified\":\"2024-12-10T21:19:23+00:00\",\"author\":{\"@id\":\"https:\\\/\\\/perceptiva.training\\\/#\\\/schema\\\/person\\\/415c4e969d261f31d489b5aaa092d9a4\"},\"breadcrumb\":{\"@id\":\"https:\\\/\\\/perceptiva.tech\\\/es\\\/tecnologia-y-sostenibilidad-los-desafios-de-2025\\\/#breadcrumb\"},\"inLanguage\":\"es\",\"potentialAction\":[{\"@type\":\"ReadAction\",\"target\":[\"https:\\\/\\\/perceptiva.tech\\\/es\\\/tecnologia-y-sostenibilidad-los-desafios-de-2025\\\/\"]}]},{\"@type\":\"ImageObject\",\"inLanguage\":\"es\",\"@id\":\"https:\\\/\\\/perceptiva.tech\\\/es\\\/tecnologia-y-sostenibilidad-los-desafios-de-2025\\\/#primaryimage\",\"url\":\"https:\\\/\\\/perceptiva.tech\\\/wp-content\\\/uploads\\\/2024\\\/12\\\/worldahead2025.jpg\",\"contentUrl\":\"https:\\\/\\\/perceptiva.tech\\\/wp-content\\\/uploads\\\/2024\\\/12\\\/worldahead2025.jpg\",\"width\":1200,\"height\":620},{\"@type\":\"BreadcrumbList\",\"@id\":\"https:\\\/\\\/perceptiva.tech\\\/es\\\/tecnologia-y-sostenibilidad-los-desafios-de-2025\\\/#breadcrumb\",\"itemListElement\":[{\"@type\":\"ListItem\",\"position\":1,\"name\":\"Home\",\"item\":\"https:\\\/\\\/perceptiva.tech\\\/es\\\/home\\\/\"},{\"@type\":\"ListItem\",\"position\":2,\"name\":\"Tecnolog\u00eda y Sostenibilidad: Los Desaf\u00edos de 2025\"}]},{\"@type\":\"WebSite\",\"@id\":\"https:\\\/\\\/perceptiva.training\\\/#website\",\"url\":\"https:\\\/\\\/perceptiva.training\\\/\",\"name\":\"PERCEPTIVA Tech\",\"description\":\"\",\"potentialAction\":[{\"@type\":\"SearchAction\",\"target\":{\"@type\":\"EntryPoint\",\"urlTemplate\":\"https:\\\/\\\/perceptiva.training\\\/?s={search_term_string}\"},\"query-input\":{\"@type\":\"PropertyValueSpecification\",\"valueRequired\":true,\"valueName\":\"search_term_string\"}}],\"inLanguage\":\"es\"},{\"@type\":\"Person\",\"@id\":\"https:\\\/\\\/perceptiva.training\\\/#\\\/schema\\\/person\\\/415c4e969d261f31d489b5aaa092d9a4\",\"name\":\"Fabio Palenzuela\",\"image\":{\"@type\":\"ImageObject\",\"inLanguage\":\"es\",\"@id\":\"https:\\\/\\\/secure.gravatar.com\\\/avatar\\\/32bb8a581d3e3041c97bdaa1ad5cb64174ba74a766c9c0f8ed4dedc7cd22b892?s=96&d=mm&r=g\",\"url\":\"https:\\\/\\\/secure.gravatar.com\\\/avatar\\\/32bb8a581d3e3041c97bdaa1ad5cb64174ba74a766c9c0f8ed4dedc7cd22b892?s=96&d=mm&r=g\",\"contentUrl\":\"https:\\\/\\\/secure.gravatar.com\\\/avatar\\\/32bb8a581d3e3041c97bdaa1ad5cb64174ba74a766c9c0f8ed4dedc7cd22b892?s=96&d=mm&r=g\",\"caption\":\"Fabio Palenzuela\"},\"url\":\"https:\\\/\\\/perceptiva.tech\\\/es\\\/author\\\/fabio\\\/\"}]}<\/script>\n<!-- \/ Yoast SEO plugin. -->","yoast_head_json":{"title":"Tecnolog\u00eda y Sostenibilidad: Los Desaf\u00edos de 2025 - PERCEPTIVA Tech","robots":{"index":"index","follow":"follow","max-snippet":"max-snippet:-1","max-image-preview":"max-image-preview:large","max-video-preview":"max-video-preview:-1"},"canonical":"https:\/\/perceptiva.tech\/es\/tecnologia-y-sostenibilidad-los-desafios-de-2025\/","og_locale":"es_ES","og_type":"article","og_title":"Tecnolog\u00eda y Sostenibilidad: Los Desaf\u00edos de 2025 - PERCEPTIVA Tech","og_description":"El PIB mundial deber\u00e1 crecer un 2,5%, con inversiones en TI alcanzando los US$3,6 billones, impulsadas por la IA. Alrededor del 30% de las grandes empresas norteamericanas invertir\u00e1n US$10 millones [...]","og_url":"https:\/\/perceptiva.tech\/es\/tecnologia-y-sostenibilidad-los-desafios-de-2025\/","og_site_name":"PERCEPTIVA Tech","article_published_time":"2024-12-05T00:52:25+00:00","article_modified_time":"2024-12-10T21:19:23+00:00","og_image":[{"width":1200,"height":620,"url":"https:\/\/perceptiva.tech\/wp-content\/uploads\/2024\/12\/worldahead2025.jpg","type":"image\/jpeg"}],"author":"Fabio Palenzuela","twitter_card":"summary_large_image","twitter_misc":{"Escrito por":"Fabio Palenzuela","Tiempo de lectura":"2 minutos"},"schema":{"@context":"https:\/\/schema.org","@graph":[{"@type":"Article","@id":"https:\/\/perceptiva.tech\/es\/tecnologia-y-sostenibilidad-los-desafios-de-2025\/#article","isPartOf":{"@id":"https:\/\/perceptiva.tech\/es\/tecnologia-y-sostenibilidad-los-desafios-de-2025\/"},"author":{"name":"Fabio Palenzuela","@id":"https:\/\/perceptiva.training\/#\/schema\/person\/415c4e969d261f31d489b5aaa092d9a4"},"headline":"Tecnolog\u00eda y Sostenibilidad: Los Desaf\u00edos de 2025","datePublished":"2024-12-05T00:52:25+00:00","dateModified":"2024-12-10T21:19:23+00:00","mainEntityOfPage":{"@id":"https:\/\/perceptiva.tech\/es\/tecnologia-y-sostenibilidad-los-desafios-de-2025\/"},"wordCount":266,"commentCount":0,"image":{"@id":"https:\/\/perceptiva.tech\/es\/tecnologia-y-sostenibilidad-los-desafios-de-2025\/#primaryimage"},"thumbnailUrl":"https:\/\/perceptiva.tech\/wp-content\/uploads\/2024\/12\/worldahead2025.jpg","keywords":["Sostenibilidad","Tecnolog\u00eda"],"articleSection":["Econom\u00eda"],"inLanguage":"es","potentialAction":[{"@type":"CommentAction","name":"Comment","target":["https:\/\/perceptiva.tech\/es\/tecnologia-y-sostenibilidad-los-desafios-de-2025\/#respond"]}]},{"@type":"WebPage","@id":"https:\/\/perceptiva.tech\/es\/tecnologia-y-sostenibilidad-los-desafios-de-2025\/","url":"https:\/\/perceptiva.tech\/es\/tecnologia-y-sostenibilidad-los-desafios-de-2025\/","name":"Tecnolog\u00eda y Sostenibilidad: Los Desaf\u00edos de 2025 - PERCEPTIVA Tech","isPartOf":{"@id":"https:\/\/perceptiva.training\/#website"},"primaryImageOfPage":{"@id":"https:\/\/perceptiva.tech\/es\/tecnologia-y-sostenibilidad-los-desafios-de-2025\/#primaryimage"},"image":{"@id":"https:\/\/perceptiva.tech\/es\/tecnologia-y-sostenibilidad-los-desafios-de-2025\/#primaryimage"},"thumbnailUrl":"https:\/\/perceptiva.tech\/wp-content\/uploads\/2024\/12\/worldahead2025.jpg","datePublished":"2024-12-05T00:52:25+00:00","dateModified":"2024-12-10T21:19:23+00:00","author":{"@id":"https:\/\/perceptiva.training\/#\/schema\/person\/415c4e969d261f31d489b5aaa092d9a4"},"breadcrumb":{"@id":"https:\/\/perceptiva.tech\/es\/tecnologia-y-sostenibilidad-los-desafios-de-2025\/#breadcrumb"},"inLanguage":"es","potentialAction":[{"@type":"ReadAction","target":["https:\/\/perceptiva.tech\/es\/tecnologia-y-sostenibilidad-los-desafios-de-2025\/"]}]},{"@type":"ImageObject","inLanguage":"es","@id":"https:\/\/perceptiva.tech\/es\/tecnologia-y-sostenibilidad-los-desafios-de-2025\/#primaryimage","url":"https:\/\/perceptiva.tech\/wp-content\/uploads\/2024\/12\/worldahead2025.jpg","contentUrl":"https:\/\/perceptiva.tech\/wp-content\/uploads\/2024\/12\/worldahead2025.jpg","width":1200,"height":620},{"@type":"BreadcrumbList","@id":"https:\/\/perceptiva.tech\/es\/tecnologia-y-sostenibilidad-los-desafios-de-2025\/#breadcrumb","itemListElement":[{"@type":"ListItem","position":1,"name":"Home","item":"https:\/\/perceptiva.tech\/es\/home\/"},{"@type":"ListItem","position":2,"name":"Tecnolog\u00eda y Sostenibilidad: Los Desaf\u00edos de 2025"}]},{"@type":"WebSite","@id":"https:\/\/perceptiva.training\/#website","url":"https:\/\/perceptiva.training\/","name":"PERCEPTIVA Tech","description":"","potentialAction":[{"@type":"SearchAction","target":{"@type":"EntryPoint","urlTemplate":"https:\/\/perceptiva.training\/?s={search_term_string}"},"query-input":{"@type":"PropertyValueSpecification","valueRequired":true,"valueName":"search_term_string"}}],"inLanguage":"es"},{"@type":"Person","@id":"https:\/\/perceptiva.training\/#\/schema\/person\/415c4e969d261f31d489b5aaa092d9a4","name":"Fabio Palenzuela","image":{"@type":"ImageObject","inLanguage":"es","@id":"https:\/\/secure.gravatar.com\/avatar\/32bb8a581d3e3041c97bdaa1ad5cb64174ba74a766c9c0f8ed4dedc7cd22b892?s=96&d=mm&r=g","url":"https:\/\/secure.gravatar.com\/avatar\/32bb8a581d3e3041c97bdaa1ad5cb64174ba74a766c9c0f8ed4dedc7cd22b892?s=96&d=mm&r=g","contentUrl":"https:\/\/secure.gravatar.com\/avatar\/32bb8a581d3e3041c97bdaa1ad5cb64174ba74a766c9c0f8ed4dedc7cd22b892?s=96&d=mm&r=g","caption":"Fabio Palenzuela"},"url":"https:\/\/perceptiva.tech\/es\/author\/fabio\/"}]}},"_links":{"self":[{"href":"https:\/\/perceptiva.tech\/es\/wp-json\/wp\/v2\/posts\/1210","targetHints":{"allow":["GET"]}}],"collection":[{"href":"https:\/\/perceptiva.tech\/es\/wp-json\/wp\/v2\/posts"}],"about":[{"href":"https:\/\/perceptiva.tech\/es\/wp-json\/wp\/v2\/types\/post"}],"author":[{"embeddable":true,"href":"https:\/\/perceptiva.tech\/es\/wp-json\/wp\/v2\/users\/2"}],"replies":[{"embeddable":true,"href":"https:\/\/perceptiva.tech\/es\/wp-json\/wp\/v2\/comments?post=1210"}],"version-history":[{"count":1,"href":"https:\/\/perceptiva.tech\/es\/wp-json\/wp\/v2\/posts\/1210\/revisions"}],"predecessor-version":[{"id":1293,"href":"https:\/\/perceptiva.tech\/es\/wp-json\/wp\/v2\/posts\/1210\/revisions\/1293"}],"wp:featuredmedia":[{"embeddable":true,"href":"https:\/\/perceptiva.tech\/es\/wp-json\/wp\/v2\/media\/1302"}],"wp:attachment":[{"href":"https:\/\/perceptiva.tech\/es\/wp-json\/wp\/v2\/media?parent=1210"}],"wp:term":[{"taxonomy":"category","embeddable":true,"href":"https:\/\/perceptiva.tech\/es\/wp-json\/wp\/v2\/categories?post=1210"},{"taxonomy":"post_tag","embeddable":true,"href":"https:\/\/perceptiva.tech\/es\/wp-json\/wp\/v2\/tags?post=1210"}],"curies":[{"name":"wp","href":"https:\/\/api.w.org\/{rel}","templated":true}]}}