{"id":1859,"date":"2025-02-28T11:35:05","date_gmt":"2025-02-28T14:35:05","guid":{"rendered":"https:\/\/perceptiva.tech\/la-oficina-de-delivery-de-perceptiva-en-ciudades-binacionales-uruguay-brasil\/"},"modified":"2025-03-05T12:36:12","modified_gmt":"2025-03-05T15:36:12","slug":"la-oficina-de-delivery-de-perceptiva-en-ciudades-binacionales-uruguay-brasil","status":"publish","type":"post","link":"https:\/\/perceptiva.tech\/es\/la-oficina-de-delivery-de-perceptiva-en-ciudades-binacionales-uruguay-brasil\/","title":{"rendered":"La oficina de \u201cdelivery\u201d de Perceptiva en ciudades \u00abbinacionales\u00bb (Uruguay \/ Brasil)"},"content":{"rendered":"<p>\u00bfSab\u00edas que <a href=\"https:\/\/en.wikipedia.org\/wiki\/Peace_Border#:~:text=The%20border%20is%20so%20named,avenues%20and%20some%20marked%20spots.\" target=\"_blank\" rel=\"noopener\">Rivera (Uruguay) y Santana do Livramento (Brasil)<\/a> son \u00abciudades hermanas\u00bb? S\u00f3lo las separa la \u00abAvenida Internacional\u00bb, y esta proximidad geogr\u00e1fica y fuerte integraci\u00f3n dan lugar a una relaci\u00f3n \u00fanica y peculiar. Uruguay y Brasil cooperan en muchos aspectos, convirtiendo la regi\u00f3n en un ejemplo a seguir:<\/p>\n<ul>\n<li>Servicios compartidos, como transporte p\u00fablico, hospitales y escuelas. Incluso se ha inaugurado un aeropuerto \u00abbinacional\u00bb (el primero de Am\u00e9rica Latina).<\/li>\n<li>La frontera es pr\u00e1cticamente inexistente. Muchos residentes viven en una ciudad y trabajan o estudian en la otra (libre circulaci\u00f3n de personas).<\/li>\n<li>Mezcla de culturas uruguaya y brasile\u00f1a. La mayor\u00eda de la gente habla espa\u00f1ol y portugu\u00e9s (y, por supuesto, \u00abportu\u00f1ol\u00bb).<\/li>\n<\/ul>\n<p><img decoding=\"async\" class=\"wp-image-1878 size-full aligncenter\" src=\"https:\/\/perceptiva.tech\/wp-content\/uploads\/2025\/02\/binational-cities-1-1.jpg\" alt=\"\" width=\"1200\" height=\"620\" srcset=\"https:\/\/perceptiva.tech\/wp-content\/uploads\/2025\/02\/binational-cities-1-1-200x103.jpg 200w, https:\/\/perceptiva.tech\/wp-content\/uploads\/2025\/02\/binational-cities-1-1-300x155.jpg 300w, https:\/\/perceptiva.tech\/wp-content\/uploads\/2025\/02\/binational-cities-1-1-400x207.jpg 400w, https:\/\/perceptiva.tech\/wp-content\/uploads\/2025\/02\/binational-cities-1-1-600x310.jpg 600w, https:\/\/perceptiva.tech\/wp-content\/uploads\/2025\/02\/binational-cities-1-1-768x397.jpg 768w, https:\/\/perceptiva.tech\/wp-content\/uploads\/2025\/02\/binational-cities-1-1-800x413.jpg 800w, https:\/\/perceptiva.tech\/wp-content\/uploads\/2025\/02\/binational-cities-1-1-1024x529.jpg 1024w, https:\/\/perceptiva.tech\/wp-content\/uploads\/2025\/02\/binational-cities-1-1.jpg 1200w\" sizes=\"(max-width: 1200px) 100vw, 1200px\" \/><\/p>\n<p>Como empresa creada en Uruguay con negocios en expansi\u00f3n en Brasil, la elecci\u00f3n de Perceptiva para una inversi\u00f3n en la regi\u00f3n fue natural. Nuestro equipo de profesionales biling\u00fces opera con el apoyo de instituciones tecnol\u00f3gicas asociadas: <a href=\"https:\/\/utec.edu.uy\/en\/\" target=\"_blank\" rel=\"noopener\">UTEC<\/a> (Uruguay) e <a href=\"https:\/\/www.ifsul.edu.br\/\" target=\"_blank\" rel=\"noopener\">IFSul<\/a> (Brasil). De este modo, Perceptiva refuerza su objetivo de generar innovaci\u00f3n y crear oportunidades en ambas naciones.<\/p>\n","protected":false},"excerpt":{"rendered":"<p>\u00bfSab\u00edas que Rivera (Uruguay) y Santana do Livramento (Brasil) son \u00abciudades hermanas\u00bb? S\u00f3lo las separa la \u00abAvenida Internacional\u00bb, y esta proximidad geogr\u00e1fica y fuerte integraci\u00f3n dan lugar a una relaci\u00f3n  [&#8230;]<\/p>\n","protected":false},"author":2,"featured_media":1875,"comment_status":"closed","ping_status":"open","sticky":false,"template":"","format":"standard","meta":{"footnotes":""},"categories":[103],"tags":[105,107,106,104],"class_list":["post-1859","post","type-post","status-publish","format-standard","has-post-thumbnail","hentry","category-america-latina","tag-ifsul-es","tag-inovacion","tag-integracion-inteligente","tag-utec-es"],"yoast_head":"<!-- This site is optimized with the Yoast SEO plugin v27.4 - https:\/\/yoast.com\/product\/yoast-seo-wordpress\/ -->\n<title>La oficina de \u201cdelivery\u201d de Perceptiva en ciudades &quot;binacionales&quot; (Uruguay \/ Brasil) - PERCEPTIVA Tech<\/title>\n<meta name=\"description\" content=\"\u00bfSab\u00edas que Rivera (Uruguay) y Santana do Livramento (Brasil) son &quot;ciudades hermanas&quot; y cooperan en muchos aspectos? \u00a1Compru\u00e9balo ahora!\" \/>\n<meta name=\"robots\" content=\"index, follow, max-snippet:-1, max-image-preview:large, max-video-preview:-1\" \/>\n<link rel=\"canonical\" href=\"https:\/\/perceptiva.tech\/es\/la-oficina-de-delivery-de-perceptiva-en-ciudades-binacionales-uruguay-brasil\/\" \/>\n<meta property=\"og:locale\" content=\"es_ES\" \/>\n<meta property=\"og:type\" content=\"article\" \/>\n<meta property=\"og:title\" content=\"La oficina de \u201cdelivery\u201d de Perceptiva en ciudades &quot;binacionales&quot; (Uruguay \/ Brasil) - PERCEPTIVA Tech\" \/>\n<meta property=\"og:description\" content=\"\u00bfSab\u00edas que Rivera (Uruguay) y Santana do Livramento (Brasil) son &quot;ciudades hermanas&quot; y cooperan en muchos aspectos? \u00a1Compru\u00e9balo ahora!\" \/>\n<meta property=\"og:url\" content=\"https:\/\/perceptiva.tech\/es\/la-oficina-de-delivery-de-perceptiva-en-ciudades-binacionales-uruguay-brasil\/\" \/>\n<meta property=\"og:site_name\" content=\"PERCEPTIVA Tech\" \/>\n<meta property=\"article:published_time\" content=\"2025-02-28T14:35:05+00:00\" \/>\n<meta property=\"article:modified_time\" content=\"2025-03-05T15:36:12+00:00\" \/>\n<meta property=\"og:image\" content=\"https:\/\/perceptiva.tech\/wp-content\/uploads\/2025\/02\/binational-cities-5.jpg\" \/>\n\t<meta property=\"og:image:width\" content=\"1200\" \/>\n\t<meta property=\"og:image:height\" content=\"620\" \/>\n\t<meta property=\"og:image:type\" content=\"image\/jpeg\" \/>\n<meta name=\"author\" content=\"Fabio Palenzuela\" \/>\n<meta name=\"twitter:card\" content=\"summary_large_image\" \/>\n<meta name=\"twitter:label1\" content=\"Escrito por\" \/>\n\t<meta name=\"twitter:data1\" content=\"Fabio Palenzuela\" \/>\n\t<meta name=\"twitter:label2\" content=\"Tiempo de lectura\" \/>\n\t<meta name=\"twitter:data2\" content=\"1 minuto\" \/>\n<script type=\"application\/ld+json\" class=\"yoast-schema-graph\">{\"@context\":\"https:\\\/\\\/schema.org\",\"@graph\":[{\"@type\":\"Article\",\"@id\":\"https:\\\/\\\/perceptiva.tech\\\/es\\\/la-oficina-de-delivery-de-perceptiva-en-ciudades-binacionales-uruguay-brasil\\\/#article\",\"isPartOf\":{\"@id\":\"https:\\\/\\\/perceptiva.tech\\\/es\\\/la-oficina-de-delivery-de-perceptiva-en-ciudades-binacionales-uruguay-brasil\\\/\"},\"author\":{\"name\":\"Fabio Palenzuela\",\"@id\":\"https:\\\/\\\/perceptiva.training\\\/#\\\/schema\\\/person\\\/415c4e969d261f31d489b5aaa092d9a4\"},\"headline\":\"La oficina de \u201cdelivery\u201d de Perceptiva en ciudades \u00abbinacionales\u00bb (Uruguay \\\/ Brasil)\",\"datePublished\":\"2025-02-28T14:35:05+00:00\",\"dateModified\":\"2025-03-05T15:36:12+00:00\",\"mainEntityOfPage\":{\"@id\":\"https:\\\/\\\/perceptiva.tech\\\/es\\\/la-oficina-de-delivery-de-perceptiva-en-ciudades-binacionales-uruguay-brasil\\\/\"},\"wordCount\":199,\"image\":{\"@id\":\"https:\\\/\\\/perceptiva.tech\\\/es\\\/la-oficina-de-delivery-de-perceptiva-en-ciudades-binacionales-uruguay-brasil\\\/#primaryimage\"},\"thumbnailUrl\":\"https:\\\/\\\/perceptiva.tech\\\/wp-content\\\/uploads\\\/2025\\\/02\\\/binational-cities-5.jpg\",\"keywords\":[\"IFSul\",\"Inovaci\u00f3n\",\"Integraci\u00f3n inteligente\",\"UTEC\"],\"articleSection\":[\"Am\u00e9rica Latina\"],\"inLanguage\":\"es\"},{\"@type\":\"WebPage\",\"@id\":\"https:\\\/\\\/perceptiva.tech\\\/es\\\/la-oficina-de-delivery-de-perceptiva-en-ciudades-binacionales-uruguay-brasil\\\/\",\"url\":\"https:\\\/\\\/perceptiva.tech\\\/es\\\/la-oficina-de-delivery-de-perceptiva-en-ciudades-binacionales-uruguay-brasil\\\/\",\"name\":\"La oficina de \u201cdelivery\u201d de Perceptiva en ciudades \\\"binacionales\\\" (Uruguay \\\/ Brasil) - PERCEPTIVA Tech\",\"isPartOf\":{\"@id\":\"https:\\\/\\\/perceptiva.training\\\/#website\"},\"primaryImageOfPage\":{\"@id\":\"https:\\\/\\\/perceptiva.tech\\\/es\\\/la-oficina-de-delivery-de-perceptiva-en-ciudades-binacionales-uruguay-brasil\\\/#primaryimage\"},\"image\":{\"@id\":\"https:\\\/\\\/perceptiva.tech\\\/es\\\/la-oficina-de-delivery-de-perceptiva-en-ciudades-binacionales-uruguay-brasil\\\/#primaryimage\"},\"thumbnailUrl\":\"https:\\\/\\\/perceptiva.tech\\\/wp-content\\\/uploads\\\/2025\\\/02\\\/binational-cities-5.jpg\",\"datePublished\":\"2025-02-28T14:35:05+00:00\",\"dateModified\":\"2025-03-05T15:36:12+00:00\",\"author\":{\"@id\":\"https:\\\/\\\/perceptiva.training\\\/#\\\/schema\\\/person\\\/415c4e969d261f31d489b5aaa092d9a4\"},\"description\":\"\u00bfSab\u00edas que Rivera (Uruguay) y Santana do Livramento (Brasil) son \\\"ciudades hermanas\\\" y cooperan en muchos aspectos? \u00a1Compru\u00e9balo ahora!\",\"breadcrumb\":{\"@id\":\"https:\\\/\\\/perceptiva.tech\\\/es\\\/la-oficina-de-delivery-de-perceptiva-en-ciudades-binacionales-uruguay-brasil\\\/#breadcrumb\"},\"inLanguage\":\"es\",\"potentialAction\":[{\"@type\":\"ReadAction\",\"target\":[\"https:\\\/\\\/perceptiva.tech\\\/es\\\/la-oficina-de-delivery-de-perceptiva-en-ciudades-binacionales-uruguay-brasil\\\/\"]}]},{\"@type\":\"ImageObject\",\"inLanguage\":\"es\",\"@id\":\"https:\\\/\\\/perceptiva.tech\\\/es\\\/la-oficina-de-delivery-de-perceptiva-en-ciudades-binacionales-uruguay-brasil\\\/#primaryimage\",\"url\":\"https:\\\/\\\/perceptiva.tech\\\/wp-content\\\/uploads\\\/2025\\\/02\\\/binational-cities-5.jpg\",\"contentUrl\":\"https:\\\/\\\/perceptiva.tech\\\/wp-content\\\/uploads\\\/2025\\\/02\\\/binational-cities-5.jpg\",\"width\":1200,\"height\":620},{\"@type\":\"BreadcrumbList\",\"@id\":\"https:\\\/\\\/perceptiva.tech\\\/es\\\/la-oficina-de-delivery-de-perceptiva-en-ciudades-binacionales-uruguay-brasil\\\/#breadcrumb\",\"itemListElement\":[{\"@type\":\"ListItem\",\"position\":1,\"name\":\"Home\",\"item\":\"https:\\\/\\\/perceptiva.tech\\\/es\\\/home\\\/\"},{\"@type\":\"ListItem\",\"position\":2,\"name\":\"La oficina de \u201cdelivery\u201d de Perceptiva en ciudades &#8220;binacionales&#8221; (Uruguay \\\/ Brasil)\"}]},{\"@type\":\"WebSite\",\"@id\":\"https:\\\/\\\/perceptiva.training\\\/#website\",\"url\":\"https:\\\/\\\/perceptiva.training\\\/\",\"name\":\"PERCEPTIVA Tech\",\"description\":\"\",\"potentialAction\":[{\"@type\":\"SearchAction\",\"target\":{\"@type\":\"EntryPoint\",\"urlTemplate\":\"https:\\\/\\\/perceptiva.training\\\/?s={search_term_string}\"},\"query-input\":{\"@type\":\"PropertyValueSpecification\",\"valueRequired\":true,\"valueName\":\"search_term_string\"}}],\"inLanguage\":\"es\"},{\"@type\":\"Person\",\"@id\":\"https:\\\/\\\/perceptiva.training\\\/#\\\/schema\\\/person\\\/415c4e969d261f31d489b5aaa092d9a4\",\"name\":\"Fabio Palenzuela\",\"image\":{\"@type\":\"ImageObject\",\"inLanguage\":\"es\",\"@id\":\"https:\\\/\\\/secure.gravatar.com\\\/avatar\\\/32bb8a581d3e3041c97bdaa1ad5cb64174ba74a766c9c0f8ed4dedc7cd22b892?s=96&d=mm&r=g\",\"url\":\"https:\\\/\\\/secure.gravatar.com\\\/avatar\\\/32bb8a581d3e3041c97bdaa1ad5cb64174ba74a766c9c0f8ed4dedc7cd22b892?s=96&d=mm&r=g\",\"contentUrl\":\"https:\\\/\\\/secure.gravatar.com\\\/avatar\\\/32bb8a581d3e3041c97bdaa1ad5cb64174ba74a766c9c0f8ed4dedc7cd22b892?s=96&d=mm&r=g\",\"caption\":\"Fabio Palenzuela\"},\"url\":\"https:\\\/\\\/perceptiva.tech\\\/es\\\/author\\\/fabio\\\/\"}]}<\/script>\n<!-- \/ Yoast SEO plugin. -->","yoast_head_json":{"title":"La oficina de \u201cdelivery\u201d de Perceptiva en ciudades \"binacionales\" (Uruguay \/ Brasil) - PERCEPTIVA Tech","description":"\u00bfSab\u00edas que Rivera (Uruguay) y Santana do Livramento (Brasil) son \"ciudades hermanas\" y cooperan en muchos aspectos? \u00a1Compru\u00e9balo ahora!","robots":{"index":"index","follow":"follow","max-snippet":"max-snippet:-1","max-image-preview":"max-image-preview:large","max-video-preview":"max-video-preview:-1"},"canonical":"https:\/\/perceptiva.tech\/es\/la-oficina-de-delivery-de-perceptiva-en-ciudades-binacionales-uruguay-brasil\/","og_locale":"es_ES","og_type":"article","og_title":"La oficina de \u201cdelivery\u201d de Perceptiva en ciudades \"binacionales\" (Uruguay \/ Brasil) - PERCEPTIVA Tech","og_description":"\u00bfSab\u00edas que Rivera (Uruguay) y Santana do Livramento (Brasil) son \"ciudades hermanas\" y cooperan en muchos aspectos? \u00a1Compru\u00e9balo ahora!","og_url":"https:\/\/perceptiva.tech\/es\/la-oficina-de-delivery-de-perceptiva-en-ciudades-binacionales-uruguay-brasil\/","og_site_name":"PERCEPTIVA Tech","article_published_time":"2025-02-28T14:35:05+00:00","article_modified_time":"2025-03-05T15:36:12+00:00","og_image":[{"width":1200,"height":620,"url":"https:\/\/perceptiva.tech\/wp-content\/uploads\/2025\/02\/binational-cities-5.jpg","type":"image\/jpeg"}],"author":"Fabio Palenzuela","twitter_card":"summary_large_image","twitter_misc":{"Escrito por":"Fabio Palenzuela","Tiempo de lectura":"1 minuto"},"schema":{"@context":"https:\/\/schema.org","@graph":[{"@type":"Article","@id":"https:\/\/perceptiva.tech\/es\/la-oficina-de-delivery-de-perceptiva-en-ciudades-binacionales-uruguay-brasil\/#article","isPartOf":{"@id":"https:\/\/perceptiva.tech\/es\/la-oficina-de-delivery-de-perceptiva-en-ciudades-binacionales-uruguay-brasil\/"},"author":{"name":"Fabio Palenzuela","@id":"https:\/\/perceptiva.training\/#\/schema\/person\/415c4e969d261f31d489b5aaa092d9a4"},"headline":"La oficina de \u201cdelivery\u201d de Perceptiva en ciudades \u00abbinacionales\u00bb (Uruguay \/ Brasil)","datePublished":"2025-02-28T14:35:05+00:00","dateModified":"2025-03-05T15:36:12+00:00","mainEntityOfPage":{"@id":"https:\/\/perceptiva.tech\/es\/la-oficina-de-delivery-de-perceptiva-en-ciudades-binacionales-uruguay-brasil\/"},"wordCount":199,"image":{"@id":"https:\/\/perceptiva.tech\/es\/la-oficina-de-delivery-de-perceptiva-en-ciudades-binacionales-uruguay-brasil\/#primaryimage"},"thumbnailUrl":"https:\/\/perceptiva.tech\/wp-content\/uploads\/2025\/02\/binational-cities-5.jpg","keywords":["IFSul","Inovaci\u00f3n","Integraci\u00f3n inteligente","UTEC"],"articleSection":["Am\u00e9rica Latina"],"inLanguage":"es"},{"@type":"WebPage","@id":"https:\/\/perceptiva.tech\/es\/la-oficina-de-delivery-de-perceptiva-en-ciudades-binacionales-uruguay-brasil\/","url":"https:\/\/perceptiva.tech\/es\/la-oficina-de-delivery-de-perceptiva-en-ciudades-binacionales-uruguay-brasil\/","name":"La oficina de \u201cdelivery\u201d de Perceptiva en ciudades \"binacionales\" (Uruguay \/ Brasil) - PERCEPTIVA Tech","isPartOf":{"@id":"https:\/\/perceptiva.training\/#website"},"primaryImageOfPage":{"@id":"https:\/\/perceptiva.tech\/es\/la-oficina-de-delivery-de-perceptiva-en-ciudades-binacionales-uruguay-brasil\/#primaryimage"},"image":{"@id":"https:\/\/perceptiva.tech\/es\/la-oficina-de-delivery-de-perceptiva-en-ciudades-binacionales-uruguay-brasil\/#primaryimage"},"thumbnailUrl":"https:\/\/perceptiva.tech\/wp-content\/uploads\/2025\/02\/binational-cities-5.jpg","datePublished":"2025-02-28T14:35:05+00:00","dateModified":"2025-03-05T15:36:12+00:00","author":{"@id":"https:\/\/perceptiva.training\/#\/schema\/person\/415c4e969d261f31d489b5aaa092d9a4"},"description":"\u00bfSab\u00edas que Rivera (Uruguay) y Santana do Livramento (Brasil) son \"ciudades hermanas\" y cooperan en muchos aspectos? \u00a1Compru\u00e9balo ahora!","breadcrumb":{"@id":"https:\/\/perceptiva.tech\/es\/la-oficina-de-delivery-de-perceptiva-en-ciudades-binacionales-uruguay-brasil\/#breadcrumb"},"inLanguage":"es","potentialAction":[{"@type":"ReadAction","target":["https:\/\/perceptiva.tech\/es\/la-oficina-de-delivery-de-perceptiva-en-ciudades-binacionales-uruguay-brasil\/"]}]},{"@type":"ImageObject","inLanguage":"es","@id":"https:\/\/perceptiva.tech\/es\/la-oficina-de-delivery-de-perceptiva-en-ciudades-binacionales-uruguay-brasil\/#primaryimage","url":"https:\/\/perceptiva.tech\/wp-content\/uploads\/2025\/02\/binational-cities-5.jpg","contentUrl":"https:\/\/perceptiva.tech\/wp-content\/uploads\/2025\/02\/binational-cities-5.jpg","width":1200,"height":620},{"@type":"BreadcrumbList","@id":"https:\/\/perceptiva.tech\/es\/la-oficina-de-delivery-de-perceptiva-en-ciudades-binacionales-uruguay-brasil\/#breadcrumb","itemListElement":[{"@type":"ListItem","position":1,"name":"Home","item":"https:\/\/perceptiva.tech\/es\/home\/"},{"@type":"ListItem","position":2,"name":"La oficina de \u201cdelivery\u201d de Perceptiva en ciudades &#8220;binacionales&#8221; (Uruguay \/ Brasil)"}]},{"@type":"WebSite","@id":"https:\/\/perceptiva.training\/#website","url":"https:\/\/perceptiva.training\/","name":"PERCEPTIVA Tech","description":"","potentialAction":[{"@type":"SearchAction","target":{"@type":"EntryPoint","urlTemplate":"https:\/\/perceptiva.training\/?s={search_term_string}"},"query-input":{"@type":"PropertyValueSpecification","valueRequired":true,"valueName":"search_term_string"}}],"inLanguage":"es"},{"@type":"Person","@id":"https:\/\/perceptiva.training\/#\/schema\/person\/415c4e969d261f31d489b5aaa092d9a4","name":"Fabio Palenzuela","image":{"@type":"ImageObject","inLanguage":"es","@id":"https:\/\/secure.gravatar.com\/avatar\/32bb8a581d3e3041c97bdaa1ad5cb64174ba74a766c9c0f8ed4dedc7cd22b892?s=96&d=mm&r=g","url":"https:\/\/secure.gravatar.com\/avatar\/32bb8a581d3e3041c97bdaa1ad5cb64174ba74a766c9c0f8ed4dedc7cd22b892?s=96&d=mm&r=g","contentUrl":"https:\/\/secure.gravatar.com\/avatar\/32bb8a581d3e3041c97bdaa1ad5cb64174ba74a766c9c0f8ed4dedc7cd22b892?s=96&d=mm&r=g","caption":"Fabio Palenzuela"},"url":"https:\/\/perceptiva.tech\/es\/author\/fabio\/"}]}},"_links":{"self":[{"href":"https:\/\/perceptiva.tech\/es\/wp-json\/wp\/v2\/posts\/1859","targetHints":{"allow":["GET"]}}],"collection":[{"href":"https:\/\/perceptiva.tech\/es\/wp-json\/wp\/v2\/posts"}],"about":[{"href":"https:\/\/perceptiva.tech\/es\/wp-json\/wp\/v2\/types\/post"}],"author":[{"embeddable":true,"href":"https:\/\/perceptiva.tech\/es\/wp-json\/wp\/v2\/users\/2"}],"replies":[{"embeddable":true,"href":"https:\/\/perceptiva.tech\/es\/wp-json\/wp\/v2\/comments?post=1859"}],"version-history":[{"count":5,"href":"https:\/\/perceptiva.tech\/es\/wp-json\/wp\/v2\/posts\/1859\/revisions"}],"predecessor-version":[{"id":1883,"href":"https:\/\/perceptiva.tech\/es\/wp-json\/wp\/v2\/posts\/1859\/revisions\/1883"}],"wp:featuredmedia":[{"embeddable":true,"href":"https:\/\/perceptiva.tech\/es\/wp-json\/wp\/v2\/media\/1875"}],"wp:attachment":[{"href":"https:\/\/perceptiva.tech\/es\/wp-json\/wp\/v2\/media?parent=1859"}],"wp:term":[{"taxonomy":"category","embeddable":true,"href":"https:\/\/perceptiva.tech\/es\/wp-json\/wp\/v2\/categories?post=1859"},{"taxonomy":"post_tag","embeddable":true,"href":"https:\/\/perceptiva.tech\/es\/wp-json\/wp\/v2\/tags?post=1859"}],"curies":[{"name":"wp","href":"https:\/\/api.w.org\/{rel}","templated":true}]}}