{"id":1195,"date":"2024-12-04T21:52:25","date_gmt":"2024-12-05T00:52:25","guid":{"rendered":"https:\/\/perceptiva.tech\/tecnologia-e-sustentabilidade-os-desafios-de-2025\/"},"modified":"2024-12-10T21:18:41","modified_gmt":"2024-12-10T21:18:41","slug":"tecnologia-e-sustentabilidade-os-desafios-de-2025","status":"publish","type":"post","link":"https:\/\/perceptiva.tech\/pt-br\/tecnologia-e-sustentabilidade-os-desafios-de-2025\/","title":{"rendered":"Tecnologia e Sustentabilidade: Os Desafios de 2025"},"content":{"rendered":"<p>O PIB global deve crescer 2.5% com investimentos em TI atingindo US$3,6 trilh\u00f5es, impulsionados pela IA. Cerca de 30% das grandes empresas norte-americanas devem investir US$10 milh\u00f5es ou mais em IA, o que representa um aumento em rela\u00e7\u00e3o aos 16% em 2024.<\/p>\n<p>Os dados s\u00e3o oriundos da edi\u00e7\u00e3o especial <a href=\"https:\/\/www.economist.com\/topics\/the-world-ahead-2025\" target=\"_blank\" rel=\"noopener\">The World Ahead 2025<\/a> da Economist que apresenta um panorama otimista para a economia global. A energia renov\u00e1vel ganha destaque, com a combina\u00e7\u00e3o de solar e armazenamento de bateria se tornando mais barata que fontes f\u00f3sseis em grandes economias.<\/p>\n<p>Outros insights da revista:<\/p>\n<ul>\n<li><strong>Setor Automotivo:<\/strong> vendas de carros el\u00e9tricos aumentam em 25%, mas a prefer\u00eancia por h\u00edbridos persiste.<\/li>\n<li><strong>Servi\u00e7os Financeiros:<\/strong> Crescimento de empr\u00e9stimos banc\u00e1rios, queda de juros e investimentos em startups.<\/li>\n<li><strong>Telecomunica\u00e7\u00f5es:<\/strong> expans\u00e3o das redes 5G e aumento das assinaturas na ordem de 25%.<\/li>\n<li><strong>Sa\u00fade:<\/strong> envelhecimento da popula\u00e7\u00e3o impacta os gastos com sa\u00fade, concentrados principalmente nos EUA.<\/li>\n<li><strong>Mercado Imobili\u00e1rio:<\/strong> preocupa\u00e7\u00e3o com US$ 2,1 trilh\u00f5es em empr\u00e9stimos imobili\u00e1rios chegando \u00e0 maturidade.<\/li>\n<\/ul>\n<p>No geral, o setor tech (com foco em IA) continuar\u00e1 sendo uma for\u00e7a motriz da economia, mantendo sustentabilidade com prioridade global. 2025 ser\u00e1 portanto um ano de transi\u00e7\u00e3o e adapta\u00e7\u00e3o para as empresas, com a necessidade de investir em digitaliza\u00e7\u00e3o, tecnologias limpas e resili\u00eancia face a um cen\u00e1rio geopol\u00edtico desafiador.<\/p>\n","protected":false},"excerpt":{"rendered":"<p>O PIB global deve crescer 2.5% com investimentos em TI atingindo US$3,6 trilh\u00f5es, impulsionados pela IA. Cerca de 30% das grandes empresas norte-americanas devem investir US$10 milh\u00f5es ou mais em  [&#8230;]<\/p>\n","protected":false},"author":2,"featured_media":1301,"comment_status":"open","ping_status":"open","sticky":false,"template":"","format":"standard","meta":{"footnotes":""},"categories":[35],"tags":[37,36],"class_list":["post-1195","post","type-post","status-publish","format-standard","has-post-thumbnail","hentry","category-economia","tag-sustentabilidade","tag-tecnologia"],"yoast_head":"<!-- This site is optimized with the Yoast SEO plugin v27.4 - https:\/\/yoast.com\/product\/yoast-seo-wordpress\/ -->\n<title>Tecnologia e Sustentabilidade: Os Desafios de 2025 - PERCEPTIVA Tech<\/title>\n<meta name=\"robots\" content=\"index, follow, max-snippet:-1, max-image-preview:large, max-video-preview:-1\" \/>\n<link rel=\"canonical\" href=\"https:\/\/perceptiva.tech\/pt-br\/tecnologia-e-sustentabilidade-os-desafios-de-2025\/\" \/>\n<meta property=\"og:locale\" content=\"pt_BR\" \/>\n<meta property=\"og:type\" content=\"article\" \/>\n<meta property=\"og:title\" content=\"Tecnologia e Sustentabilidade: Os Desafios de 2025 - PERCEPTIVA Tech\" \/>\n<meta property=\"og:description\" content=\"O PIB global deve crescer 2.5% com investimentos em TI atingindo US$3,6 trilh\u00f5es, impulsionados pela IA. Cerca de 30% das grandes empresas norte-americanas devem investir US$10 milh\u00f5es ou mais em [...]\" \/>\n<meta property=\"og:url\" content=\"https:\/\/perceptiva.tech\/pt-br\/tecnologia-e-sustentabilidade-os-desafios-de-2025\/\" \/>\n<meta property=\"og:site_name\" content=\"PERCEPTIVA Tech\" \/>\n<meta property=\"article:published_time\" content=\"2024-12-05T00:52:25+00:00\" \/>\n<meta property=\"article:modified_time\" content=\"2024-12-10T21:18:41+00:00\" \/>\n<meta property=\"og:image\" content=\"https:\/\/perceptiva.tech\/wp-content\/uploads\/2024\/11\/background-home.jpg\" \/>\n\t<meta property=\"og:image:width\" content=\"1920\" \/>\n\t<meta property=\"og:image:height\" content=\"980\" \/>\n\t<meta property=\"og:image:type\" content=\"image\/jpeg\" \/>\n<meta name=\"author\" content=\"Fabio Palenzuela\" \/>\n<meta name=\"twitter:card\" content=\"summary_large_image\" \/>\n<meta name=\"twitter:label1\" content=\"Escrito por\" \/>\n\t<meta name=\"twitter:data1\" content=\"Fabio Palenzuela\" \/>\n\t<meta name=\"twitter:label2\" content=\"Est. tempo de leitura\" \/>\n\t<meta name=\"twitter:data2\" content=\"2 minutos\" \/>\n<script type=\"application\/ld+json\" class=\"yoast-schema-graph\">{\"@context\":\"https:\\\/\\\/schema.org\",\"@graph\":[{\"@type\":\"Article\",\"@id\":\"https:\\\/\\\/perceptiva.tech\\\/pt-br\\\/tecnologia-e-sustentabilidade-os-desafios-de-2025\\\/#article\",\"isPartOf\":{\"@id\":\"https:\\\/\\\/perceptiva.tech\\\/pt-br\\\/tecnologia-e-sustentabilidade-os-desafios-de-2025\\\/\"},\"author\":{\"name\":\"Fabio Palenzuela\",\"@id\":\"https:\\\/\\\/perceptiva.training\\\/#\\\/schema\\\/person\\\/415c4e969d261f31d489b5aaa092d9a4\"},\"headline\":\"Tecnologia e Sustentabilidade: Os Desafios de 2025\",\"datePublished\":\"2024-12-05T00:52:25+00:00\",\"dateModified\":\"2024-12-10T21:18:41+00:00\",\"mainEntityOfPage\":{\"@id\":\"https:\\\/\\\/perceptiva.tech\\\/pt-br\\\/tecnologia-e-sustentabilidade-os-desafios-de-2025\\\/\"},\"wordCount\":236,\"commentCount\":0,\"image\":{\"@id\":\"https:\\\/\\\/perceptiva.tech\\\/pt-br\\\/tecnologia-e-sustentabilidade-os-desafios-de-2025\\\/#primaryimage\"},\"thumbnailUrl\":\"https:\\\/\\\/perceptiva.tech\\\/wp-content\\\/uploads\\\/2024\\\/12\\\/worldahead2025.jpg\",\"keywords\":[\"Sustentabilidade\",\"Tecnologia\"],\"articleSection\":[\"Economia\"],\"inLanguage\":\"pt-BR\",\"potentialAction\":[{\"@type\":\"CommentAction\",\"name\":\"Comment\",\"target\":[\"https:\\\/\\\/perceptiva.tech\\\/pt-br\\\/tecnologia-e-sustentabilidade-os-desafios-de-2025\\\/#respond\"]}]},{\"@type\":\"WebPage\",\"@id\":\"https:\\\/\\\/perceptiva.tech\\\/pt-br\\\/tecnologia-e-sustentabilidade-os-desafios-de-2025\\\/\",\"url\":\"https:\\\/\\\/perceptiva.tech\\\/pt-br\\\/tecnologia-e-sustentabilidade-os-desafios-de-2025\\\/\",\"name\":\"Tecnologia e Sustentabilidade: Os Desafios de 2025 - PERCEPTIVA Tech\",\"isPartOf\":{\"@id\":\"https:\\\/\\\/perceptiva.training\\\/#website\"},\"primaryImageOfPage\":{\"@id\":\"https:\\\/\\\/perceptiva.tech\\\/pt-br\\\/tecnologia-e-sustentabilidade-os-desafios-de-2025\\\/#primaryimage\"},\"image\":{\"@id\":\"https:\\\/\\\/perceptiva.tech\\\/pt-br\\\/tecnologia-e-sustentabilidade-os-desafios-de-2025\\\/#primaryimage\"},\"thumbnailUrl\":\"https:\\\/\\\/perceptiva.tech\\\/wp-content\\\/uploads\\\/2024\\\/12\\\/worldahead2025.jpg\",\"datePublished\":\"2024-12-05T00:52:25+00:00\",\"dateModified\":\"2024-12-10T21:18:41+00:00\",\"author\":{\"@id\":\"https:\\\/\\\/perceptiva.training\\\/#\\\/schema\\\/person\\\/415c4e969d261f31d489b5aaa092d9a4\"},\"breadcrumb\":{\"@id\":\"https:\\\/\\\/perceptiva.tech\\\/pt-br\\\/tecnologia-e-sustentabilidade-os-desafios-de-2025\\\/#breadcrumb\"},\"inLanguage\":\"pt-BR\",\"potentialAction\":[{\"@type\":\"ReadAction\",\"target\":[\"https:\\\/\\\/perceptiva.tech\\\/pt-br\\\/tecnologia-e-sustentabilidade-os-desafios-de-2025\\\/\"]}]},{\"@type\":\"ImageObject\",\"inLanguage\":\"pt-BR\",\"@id\":\"https:\\\/\\\/perceptiva.tech\\\/pt-br\\\/tecnologia-e-sustentabilidade-os-desafios-de-2025\\\/#primaryimage\",\"url\":\"https:\\\/\\\/perceptiva.tech\\\/wp-content\\\/uploads\\\/2024\\\/12\\\/worldahead2025.jpg\",\"contentUrl\":\"https:\\\/\\\/perceptiva.tech\\\/wp-content\\\/uploads\\\/2024\\\/12\\\/worldahead2025.jpg\",\"width\":1200,\"height\":620},{\"@type\":\"BreadcrumbList\",\"@id\":\"https:\\\/\\\/perceptiva.tech\\\/pt-br\\\/tecnologia-e-sustentabilidade-os-desafios-de-2025\\\/#breadcrumb\",\"itemListElement\":[{\"@type\":\"ListItem\",\"position\":1,\"name\":\"Home\",\"item\":\"https:\\\/\\\/perceptiva.tech\\\/pt-br\\\/home\\\/\"},{\"@type\":\"ListItem\",\"position\":2,\"name\":\"Tecnologia e Sustentabilidade: Os Desafios de 2025\"}]},{\"@type\":\"WebSite\",\"@id\":\"https:\\\/\\\/perceptiva.training\\\/#website\",\"url\":\"https:\\\/\\\/perceptiva.training\\\/\",\"name\":\"PERCEPTIVA Tech\",\"description\":\"\",\"potentialAction\":[{\"@type\":\"SearchAction\",\"target\":{\"@type\":\"EntryPoint\",\"urlTemplate\":\"https:\\\/\\\/perceptiva.training\\\/?s={search_term_string}\"},\"query-input\":{\"@type\":\"PropertyValueSpecification\",\"valueRequired\":true,\"valueName\":\"search_term_string\"}}],\"inLanguage\":\"pt-BR\"},{\"@type\":\"Person\",\"@id\":\"https:\\\/\\\/perceptiva.training\\\/#\\\/schema\\\/person\\\/415c4e969d261f31d489b5aaa092d9a4\",\"name\":\"Fabio Palenzuela\",\"image\":{\"@type\":\"ImageObject\",\"inLanguage\":\"pt-BR\",\"@id\":\"https:\\\/\\\/secure.gravatar.com\\\/avatar\\\/32bb8a581d3e3041c97bdaa1ad5cb64174ba74a766c9c0f8ed4dedc7cd22b892?s=96&d=mm&r=g\",\"url\":\"https:\\\/\\\/secure.gravatar.com\\\/avatar\\\/32bb8a581d3e3041c97bdaa1ad5cb64174ba74a766c9c0f8ed4dedc7cd22b892?s=96&d=mm&r=g\",\"contentUrl\":\"https:\\\/\\\/secure.gravatar.com\\\/avatar\\\/32bb8a581d3e3041c97bdaa1ad5cb64174ba74a766c9c0f8ed4dedc7cd22b892?s=96&d=mm&r=g\",\"caption\":\"Fabio Palenzuela\"},\"url\":\"https:\\\/\\\/perceptiva.tech\\\/pt-br\\\/author\\\/fabio\\\/\"}]}<\/script>\n<!-- \/ Yoast SEO plugin. -->","yoast_head_json":{"title":"Tecnologia e Sustentabilidade: Os Desafios de 2025 - PERCEPTIVA Tech","robots":{"index":"index","follow":"follow","max-snippet":"max-snippet:-1","max-image-preview":"max-image-preview:large","max-video-preview":"max-video-preview:-1"},"canonical":"https:\/\/perceptiva.tech\/pt-br\/tecnologia-e-sustentabilidade-os-desafios-de-2025\/","og_locale":"pt_BR","og_type":"article","og_title":"Tecnologia e Sustentabilidade: Os Desafios de 2025 - PERCEPTIVA Tech","og_description":"O PIB global deve crescer 2.5% com investimentos em TI atingindo US$3,6 trilh\u00f5es, impulsionados pela IA. Cerca de 30% das grandes empresas norte-americanas devem investir US$10 milh\u00f5es ou mais em [...]","og_url":"https:\/\/perceptiva.tech\/pt-br\/tecnologia-e-sustentabilidade-os-desafios-de-2025\/","og_site_name":"PERCEPTIVA Tech","article_published_time":"2024-12-05T00:52:25+00:00","article_modified_time":"2024-12-10T21:18:41+00:00","og_image":[{"width":1920,"height":980,"url":"https:\/\/perceptiva.tech\/wp-content\/uploads\/2024\/11\/background-home.jpg","type":"image\/jpeg"}],"author":"Fabio Palenzuela","twitter_card":"summary_large_image","twitter_misc":{"Escrito por":"Fabio Palenzuela","Est. tempo de leitura":"2 minutos"},"schema":{"@context":"https:\/\/schema.org","@graph":[{"@type":"Article","@id":"https:\/\/perceptiva.tech\/pt-br\/tecnologia-e-sustentabilidade-os-desafios-de-2025\/#article","isPartOf":{"@id":"https:\/\/perceptiva.tech\/pt-br\/tecnologia-e-sustentabilidade-os-desafios-de-2025\/"},"author":{"name":"Fabio Palenzuela","@id":"https:\/\/perceptiva.training\/#\/schema\/person\/415c4e969d261f31d489b5aaa092d9a4"},"headline":"Tecnologia e Sustentabilidade: Os Desafios de 2025","datePublished":"2024-12-05T00:52:25+00:00","dateModified":"2024-12-10T21:18:41+00:00","mainEntityOfPage":{"@id":"https:\/\/perceptiva.tech\/pt-br\/tecnologia-e-sustentabilidade-os-desafios-de-2025\/"},"wordCount":236,"commentCount":0,"image":{"@id":"https:\/\/perceptiva.tech\/pt-br\/tecnologia-e-sustentabilidade-os-desafios-de-2025\/#primaryimage"},"thumbnailUrl":"https:\/\/perceptiva.tech\/wp-content\/uploads\/2024\/12\/worldahead2025.jpg","keywords":["Sustentabilidade","Tecnologia"],"articleSection":["Economia"],"inLanguage":"pt-BR","potentialAction":[{"@type":"CommentAction","name":"Comment","target":["https:\/\/perceptiva.tech\/pt-br\/tecnologia-e-sustentabilidade-os-desafios-de-2025\/#respond"]}]},{"@type":"WebPage","@id":"https:\/\/perceptiva.tech\/pt-br\/tecnologia-e-sustentabilidade-os-desafios-de-2025\/","url":"https:\/\/perceptiva.tech\/pt-br\/tecnologia-e-sustentabilidade-os-desafios-de-2025\/","name":"Tecnologia e Sustentabilidade: Os Desafios de 2025 - PERCEPTIVA Tech","isPartOf":{"@id":"https:\/\/perceptiva.training\/#website"},"primaryImageOfPage":{"@id":"https:\/\/perceptiva.tech\/pt-br\/tecnologia-e-sustentabilidade-os-desafios-de-2025\/#primaryimage"},"image":{"@id":"https:\/\/perceptiva.tech\/pt-br\/tecnologia-e-sustentabilidade-os-desafios-de-2025\/#primaryimage"},"thumbnailUrl":"https:\/\/perceptiva.tech\/wp-content\/uploads\/2024\/12\/worldahead2025.jpg","datePublished":"2024-12-05T00:52:25+00:00","dateModified":"2024-12-10T21:18:41+00:00","author":{"@id":"https:\/\/perceptiva.training\/#\/schema\/person\/415c4e969d261f31d489b5aaa092d9a4"},"breadcrumb":{"@id":"https:\/\/perceptiva.tech\/pt-br\/tecnologia-e-sustentabilidade-os-desafios-de-2025\/#breadcrumb"},"inLanguage":"pt-BR","potentialAction":[{"@type":"ReadAction","target":["https:\/\/perceptiva.tech\/pt-br\/tecnologia-e-sustentabilidade-os-desafios-de-2025\/"]}]},{"@type":"ImageObject","inLanguage":"pt-BR","@id":"https:\/\/perceptiva.tech\/pt-br\/tecnologia-e-sustentabilidade-os-desafios-de-2025\/#primaryimage","url":"https:\/\/perceptiva.tech\/wp-content\/uploads\/2024\/12\/worldahead2025.jpg","contentUrl":"https:\/\/perceptiva.tech\/wp-content\/uploads\/2024\/12\/worldahead2025.jpg","width":1200,"height":620},{"@type":"BreadcrumbList","@id":"https:\/\/perceptiva.tech\/pt-br\/tecnologia-e-sustentabilidade-os-desafios-de-2025\/#breadcrumb","itemListElement":[{"@type":"ListItem","position":1,"name":"Home","item":"https:\/\/perceptiva.tech\/pt-br\/home\/"},{"@type":"ListItem","position":2,"name":"Tecnologia e Sustentabilidade: Os Desafios de 2025"}]},{"@type":"WebSite","@id":"https:\/\/perceptiva.training\/#website","url":"https:\/\/perceptiva.training\/","name":"PERCEPTIVA Tech","description":"","potentialAction":[{"@type":"SearchAction","target":{"@type":"EntryPoint","urlTemplate":"https:\/\/perceptiva.training\/?s={search_term_string}"},"query-input":{"@type":"PropertyValueSpecification","valueRequired":true,"valueName":"search_term_string"}}],"inLanguage":"pt-BR"},{"@type":"Person","@id":"https:\/\/perceptiva.training\/#\/schema\/person\/415c4e969d261f31d489b5aaa092d9a4","name":"Fabio Palenzuela","image":{"@type":"ImageObject","inLanguage":"pt-BR","@id":"https:\/\/secure.gravatar.com\/avatar\/32bb8a581d3e3041c97bdaa1ad5cb64174ba74a766c9c0f8ed4dedc7cd22b892?s=96&d=mm&r=g","url":"https:\/\/secure.gravatar.com\/avatar\/32bb8a581d3e3041c97bdaa1ad5cb64174ba74a766c9c0f8ed4dedc7cd22b892?s=96&d=mm&r=g","contentUrl":"https:\/\/secure.gravatar.com\/avatar\/32bb8a581d3e3041c97bdaa1ad5cb64174ba74a766c9c0f8ed4dedc7cd22b892?s=96&d=mm&r=g","caption":"Fabio Palenzuela"},"url":"https:\/\/perceptiva.tech\/pt-br\/author\/fabio\/"}]}},"_links":{"self":[{"href":"https:\/\/perceptiva.tech\/pt-br\/wp-json\/wp\/v2\/posts\/1195","targetHints":{"allow":["GET"]}}],"collection":[{"href":"https:\/\/perceptiva.tech\/pt-br\/wp-json\/wp\/v2\/posts"}],"about":[{"href":"https:\/\/perceptiva.tech\/pt-br\/wp-json\/wp\/v2\/types\/post"}],"author":[{"embeddable":true,"href":"https:\/\/perceptiva.tech\/pt-br\/wp-json\/wp\/v2\/users\/2"}],"replies":[{"embeddable":true,"href":"https:\/\/perceptiva.tech\/pt-br\/wp-json\/wp\/v2\/comments?post=1195"}],"version-history":[{"count":2,"href":"https:\/\/perceptiva.tech\/pt-br\/wp-json\/wp\/v2\/posts\/1195\/revisions"}],"predecessor-version":[{"id":1291,"href":"https:\/\/perceptiva.tech\/pt-br\/wp-json\/wp\/v2\/posts\/1195\/revisions\/1291"}],"wp:featuredmedia":[{"embeddable":true,"href":"https:\/\/perceptiva.tech\/pt-br\/wp-json\/wp\/v2\/media\/1301"}],"wp:attachment":[{"href":"https:\/\/perceptiva.tech\/pt-br\/wp-json\/wp\/v2\/media?parent=1195"}],"wp:term":[{"taxonomy":"category","embeddable":true,"href":"https:\/\/perceptiva.tech\/pt-br\/wp-json\/wp\/v2\/categories?post=1195"},{"taxonomy":"post_tag","embeddable":true,"href":"https:\/\/perceptiva.tech\/pt-br\/wp-json\/wp\/v2\/tags?post=1195"}],"curies":[{"name":"wp","href":"https:\/\/api.w.org\/{rel}","templated":true}]}}